{"id":6056,"date":"2022-10-01T11:25:26","date_gmt":"2022-10-01T09:25:26","guid":{"rendered":"https:\/\/www.keil-collection-heidelberg.de\/countdown-peter-robert-keil-exhibition-at-heidelberg-castle\/"},"modified":"2022-10-01T11:25:27","modified_gmt":"2022-10-01T09:25:27","slug":"countdown-peter-robert-keil-exhibition-at-heidelberg-castle","status":"publish","type":"post","link":"https:\/\/www.keil-collection-heidelberg.de\/en\/countdown-peter-robert-keil-exhibition-at-heidelberg-castle\/","title":{"rendered":"Countdown: Peter Robert Keil &#8211; Exhibition at Heidelberg Castle"},"content":{"rendered":"\n<p class=\"wp-block-paragraph\">The clock is ticking! Only a few hours remain until the opening of the great anniversary exhibition in Heidelberg Castle. Preparations are in full swing &#8211; the extensive supporting programme for the vernissage begins today at 4:00 pm. <\/p>\n\n<p class=\"wp-block-paragraph\">Die heutige Er\u00f6ffnung beinhaltet unter anderem exklusive Einblicke in das Werk Peter Robert Keils, verschiedene Vortr\u00e4ge, eine lebendige musikalische Begleitung der Band Jule Werner, die Vorstellung des neuen Keil 80 Buchs und eine internationale live Auktion ab 19:00 Uhr. <a href=\"https:\/\/www.keil-collection-heidelberg.de\/en\/icolour-a-painter-says-i-exhibition-at-heidelberg-castle\/\">Genaueres k\u00f6nnen Sie hier nachlesen<\/a>. <\/p>\n\n<figure class=\"wp-block-gallery has-nested-images columns-default is-cropped wp-block-gallery-1 is-layout-flex wp-block-gallery-is-layout-flex\">\n<figure class=\"wp-block-image size-large\"><a href=\"https:\/\/www.keil-collection-heidelberg.de\/wp-content\/uploads\/2022\/10\/PeterRobertKeil_Ausstellung_im_Heidelberger_Schloss-1.png\"><img loading=\"lazy\" decoding=\"async\" width=\"1024\" height=\"768\" data-id=\"6052\" src=\"https:\/\/www.keil-collection-heidelberg.de\/wp-content\/uploads\/2022\/10\/PeterRobertKeil_Ausstellung_im_Heidelberger_Schloss-1-1024x768.png\" alt=\"\" class=\"wp-image-6052\" srcset=\"https:\/\/www.keil-collection-heidelberg.de\/wp-content\/uploads\/2022\/10\/PeterRobertKeil_Ausstellung_im_Heidelberger_Schloss-1-1024x768.png 1024w, https:\/\/www.keil-collection-heidelberg.de\/wp-content\/uploads\/2022\/10\/PeterRobertKeil_Ausstellung_im_Heidelberger_Schloss-1-300x225.png 300w, https:\/\/www.keil-collection-heidelberg.de\/wp-content\/uploads\/2022\/10\/PeterRobertKeil_Ausstellung_im_Heidelberger_Schloss-1-768x576.png 768w, https:\/\/www.keil-collection-heidelberg.de\/wp-content\/uploads\/2022\/10\/PeterRobertKeil_Ausstellung_im_Heidelberger_Schloss-1.png 1498w\" sizes=\"auto, (max-width: 1024px) 100vw, 1024px\" \/><\/a><\/figure>\n\n\n<figure class=\"wp-block-image size-large\"><a href=\"https:\/\/www.keil-collection-heidelberg.de\/wp-content\/uploads\/2022\/10\/PeterRobertKeil_Ausstellung_im_Heidelberger_Schloss-2-scaled.jpeg\"><img loading=\"lazy\" decoding=\"async\" width=\"768\" height=\"1024\" data-id=\"6048\" src=\"https:\/\/www.keil-collection-heidelberg.de\/wp-content\/uploads\/2022\/10\/PeterRobertKeil_Ausstellung_im_Heidelberger_Schloss-2-768x1024.jpeg\" alt=\"\" class=\"wp-image-6048\" srcset=\"https:\/\/www.keil-collection-heidelberg.de\/wp-content\/uploads\/2022\/10\/PeterRobertKeil_Ausstellung_im_Heidelberger_Schloss-2-768x1024.jpeg 768w, https:\/\/www.keil-collection-heidelberg.de\/wp-content\/uploads\/2022\/10\/PeterRobertKeil_Ausstellung_im_Heidelberger_Schloss-2-225x300.jpeg 225w, https:\/\/www.keil-collection-heidelberg.de\/wp-content\/uploads\/2022\/10\/PeterRobertKeil_Ausstellung_im_Heidelberger_Schloss-2-1152x1536.jpeg 1152w, https:\/\/www.keil-collection-heidelberg.de\/wp-content\/uploads\/2022\/10\/PeterRobertKeil_Ausstellung_im_Heidelberger_Schloss-2-1536x2048.jpeg 1536w, https:\/\/www.keil-collection-heidelberg.de\/wp-content\/uploads\/2022\/10\/PeterRobertKeil_Ausstellung_im_Heidelberger_Schloss-2-scaled.jpeg 1920w\" sizes=\"auto, (max-width: 768px) 100vw, 768px\" \/><\/a><\/figure>\n\n\n<figure class=\"wp-block-image size-large\"><a href=\"https:\/\/www.keil-collection-heidelberg.de\/wp-content\/uploads\/2022\/10\/PeterRobertKeil_Ausstellung_im_Heidelberger_Schloss_1-scaled.jpeg\"><img loading=\"lazy\" decoding=\"async\" width=\"768\" height=\"1024\" data-id=\"6050\" src=\"https:\/\/www.keil-collection-heidelberg.de\/wp-content\/uploads\/2022\/10\/PeterRobertKeil_Ausstellung_im_Heidelberger_Schloss_1-768x1024.jpeg\" alt=\"\" class=\"wp-image-6050\" srcset=\"https:\/\/www.keil-collection-heidelberg.de\/wp-content\/uploads\/2022\/10\/PeterRobertKeil_Ausstellung_im_Heidelberger_Schloss_1-768x1024.jpeg 768w, https:\/\/www.keil-collection-heidelberg.de\/wp-content\/uploads\/2022\/10\/PeterRobertKeil_Ausstellung_im_Heidelberger_Schloss_1-225x300.jpeg 225w, https:\/\/www.keil-collection-heidelberg.de\/wp-content\/uploads\/2022\/10\/PeterRobertKeil_Ausstellung_im_Heidelberger_Schloss_1-1152x1536.jpeg 1152w, https:\/\/www.keil-collection-heidelberg.de\/wp-content\/uploads\/2022\/10\/PeterRobertKeil_Ausstellung_im_Heidelberger_Schloss_1-1536x2048.jpeg 1536w, https:\/\/www.keil-collection-heidelberg.de\/wp-content\/uploads\/2022\/10\/PeterRobertKeil_Ausstellung_im_Heidelberger_Schloss_1-scaled.jpeg 1920w\" sizes=\"auto, (max-width: 768px) 100vw, 768px\" \/><\/a><\/figure><\/figure>\n\n<h4 class=\"wp-block-heading\">Peter Robert Keil himself will be present and accompany the exhibition throughout the evening. <\/h4>\n\n<p class=\"wp-block-paragraph\">Wenn Sie es nicht schaffen pers\u00f6nlich zu erscheinen, k\u00f6nnen Sie gerne unseren <strong>Livestream ab 19:00 Uhr<\/strong> verfolgen. Diesbez\u00fcglich bitten wir Sie, sich auf Historia.de unter <a href=\"https:\/\/liveauction.historia.de\/de\/liveauction\/historia\">folgendem Link anzumelden<\/a>. Die Ausstellung wird noch bis zum 3. Oktober im Heidelberger Schloss ge\u00f6ffnet sein. <\/p>\n\n<p class=\"wp-block-paragraph\"><\/p>\n\n<p class=\"wp-block-paragraph\">See you this afternoon! <\/p>\n\n<p class=\"wp-block-paragraph\">Your Keil Collection Heidelberg <\/p>\n","protected":false},"excerpt":{"rendered":"<p>The clock is ticking! Only a few hours remain until the opening of the great anniversary exhibition in Heidelberg Castle. Preparations are in full swing &#8211; the extensive supporting programme for the vernissage begins today at 4:00 pm. Die heutige Er\u00f6ffnung beinhaltet unter anderem exklusive Einblicke in das Werk Peter Robert Keils, verschiedene Vortr\u00e4ge, eine&hellip;<\/p>\n","protected":false},"author":15,"featured_media":6053,"comment_status":"closed","ping_status":"open","sticky":false,"template":"","format":"standard","meta":{"ngg_post_thumbnail":0,"footnotes":""},"categories":[3,24],"tags":[],"class_list":["post-6056","post","type-post","status-publish","format-standard","has-post-thumbnail","hentry","category-allgemein-en","category-ausstellungen-en","category-3","category-24","description-off"],"yoast_head":"<!-- This site is optimized with the Yoast SEO plugin v28.4 - https:\/\/yoast.com\/product\/yoast-seo-wordpress\/ -->\n<title>Countdown: Peter Robert Keil - Exhibition at Heidelberg Castle - Keil Collection Heidelberg<\/title>\n<meta name=\"robots\" content=\"index, follow, max-snippet:-1, max-image-preview:large, max-video-preview:-1\" \/>\n<link rel=\"canonical\" href=\"https:\/\/www.keil-collection-heidelberg.de\/en\/countdown-peter-robert-keil-exhibition-at-heidelberg-castle\/\" \/>\n<meta property=\"og:locale\" content=\"en_US\" \/>\n<meta property=\"og:type\" content=\"article\" \/>\n<meta property=\"og:title\" content=\"Countdown: Peter Robert Keil - Exhibition at Heidelberg Castle - Keil Collection Heidelberg\" \/>\n<meta property=\"og:description\" content=\"The clock is ticking! Only a few hours remain until the opening of the great anniversary exhibition in Heidelberg Castle. Preparations are in full swing &#8211; the extensive supporting programme for the vernissage begins today at 4:00 pm. Die heutige Er\u00f6ffnung beinhaltet unter anderem exklusive Einblicke in das Werk Peter Robert Keils, verschiedene Vortr\u00e4ge, eine&hellip;\" \/>\n<meta property=\"og:url\" content=\"https:\/\/www.keil-collection-heidelberg.de\/en\/countdown-peter-robert-keil-exhibition-at-heidelberg-castle\/\" \/>\n<meta property=\"og:site_name\" content=\"Keil Collection Heidelberg\" \/>\n<meta property=\"article:published_time\" content=\"2022-10-01T09:25:26+00:00\" \/>\n<meta property=\"article:modified_time\" content=\"2022-10-01T09:25:27+00:00\" \/>\n<meta property=\"og:image\" content=\"https:\/\/www.keil-collection-heidelberg.de\/wp-content\/uploads\/2022\/10\/PeterRobertKeil_Ausstellung_im_Heidelberger_Schloss-1-1024x768.png\" \/>\n\t<meta property=\"og:image:width\" content=\"1024\" \/>\n\t<meta property=\"og:image:height\" content=\"768\" \/>\n\t<meta property=\"og:image:type\" content=\"image\/png\" \/>\n<meta name=\"author\" content=\"Oskar Kampik\" \/>\n<meta name=\"twitter:card\" content=\"summary_large_image\" \/>\n<meta name=\"twitter:label1\" content=\"Written by\" \/>\n\t<meta name=\"twitter:data1\" content=\"Oskar Kampik\" \/>\n\t<meta name=\"twitter:label2\" content=\"Est. reading time\" \/>\n\t<meta name=\"twitter:data2\" content=\"1 minute\" \/>\n<script type=\"application\/ld+json\" class=\"yoast-schema-graph\">{\"@context\":\"https:\\\/\\\/schema.org\",\"@graph\":[{\"@type\":\"Article\",\"@id\":\"https:\\\/\\\/www.keil-collection-heidelberg.de\\\/en\\\/countdown-peter-robert-keil-exhibition-at-heidelberg-castle\\\/#article\",\"isPartOf\":{\"@id\":\"https:\\\/\\\/www.keil-collection-heidelberg.de\\\/en\\\/countdown-peter-robert-keil-exhibition-at-heidelberg-castle\\\/\"},\"author\":{\"name\":\"Oskar Kampik\",\"@id\":\"https:\\\/\\\/www.keil-collection-heidelberg.de\\\/#\\\/schema\\\/person\\\/bee047ca1aef4fa76095d6b1649ad7d1\"},\"headline\":\"Countdown: Peter Robert Keil &#8211; Exhibition at Heidelberg Castle\",\"datePublished\":\"2022-10-01T09:25:26+00:00\",\"dateModified\":\"2022-10-01T09:25:27+00:00\",\"mainEntityOfPage\":{\"@id\":\"https:\\\/\\\/www.keil-collection-heidelberg.de\\\/en\\\/countdown-peter-robert-keil-exhibition-at-heidelberg-castle\\\/\"},\"wordCount\":157,\"image\":{\"@id\":\"https:\\\/\\\/www.keil-collection-heidelberg.de\\\/en\\\/countdown-peter-robert-keil-exhibition-at-heidelberg-castle\\\/#primaryimage\"},\"thumbnailUrl\":\"https:\\\/\\\/www.keil-collection-heidelberg.de\\\/wp-content\\\/uploads\\\/2022\\\/10\\\/PeterRobertKeil_Ausstellung_im_Heidelberger_Schloss-1.png\",\"articleSection\":[\"Allgemein\",\"Ausstellungen\"],\"inLanguage\":\"en-US\"},{\"@type\":\"WebPage\",\"@id\":\"https:\\\/\\\/www.keil-collection-heidelberg.de\\\/en\\\/countdown-peter-robert-keil-exhibition-at-heidelberg-castle\\\/\",\"url\":\"https:\\\/\\\/www.keil-collection-heidelberg.de\\\/en\\\/countdown-peter-robert-keil-exhibition-at-heidelberg-castle\\\/\",\"name\":\"Countdown: Peter Robert Keil - Exhibition at Heidelberg Castle - Keil Collection Heidelberg\",\"isPartOf\":{\"@id\":\"https:\\\/\\\/www.keil-collection-heidelberg.de\\\/#website\"},\"primaryImageOfPage\":{\"@id\":\"https:\\\/\\\/www.keil-collection-heidelberg.de\\\/en\\\/countdown-peter-robert-keil-exhibition-at-heidelberg-castle\\\/#primaryimage\"},\"image\":{\"@id\":\"https:\\\/\\\/www.keil-collection-heidelberg.de\\\/en\\\/countdown-peter-robert-keil-exhibition-at-heidelberg-castle\\\/#primaryimage\"},\"thumbnailUrl\":\"https:\\\/\\\/www.keil-collection-heidelberg.de\\\/wp-content\\\/uploads\\\/2022\\\/10\\\/PeterRobertKeil_Ausstellung_im_Heidelberger_Schloss-1.png\",\"datePublished\":\"2022-10-01T09:25:26+00:00\",\"dateModified\":\"2022-10-01T09:25:27+00:00\",\"author\":{\"@id\":\"https:\\\/\\\/www.keil-collection-heidelberg.de\\\/#\\\/schema\\\/person\\\/bee047ca1aef4fa76095d6b1649ad7d1\"},\"breadcrumb\":{\"@id\":\"https:\\\/\\\/www.keil-collection-heidelberg.de\\\/en\\\/countdown-peter-robert-keil-exhibition-at-heidelberg-castle\\\/#breadcrumb\"},\"inLanguage\":\"en-US\",\"potentialAction\":[{\"@type\":\"ReadAction\",\"target\":[\"https:\\\/\\\/www.keil-collection-heidelberg.de\\\/en\\\/countdown-peter-robert-keil-exhibition-at-heidelberg-castle\\\/\"]}]},{\"@type\":\"ImageObject\",\"inLanguage\":\"en-US\",\"@id\":\"https:\\\/\\\/www.keil-collection-heidelberg.de\\\/en\\\/countdown-peter-robert-keil-exhibition-at-heidelberg-castle\\\/#primaryimage\",\"url\":\"https:\\\/\\\/www.keil-collection-heidelberg.de\\\/wp-content\\\/uploads\\\/2022\\\/10\\\/PeterRobertKeil_Ausstellung_im_Heidelberger_Schloss-1.png\",\"contentUrl\":\"https:\\\/\\\/www.keil-collection-heidelberg.de\\\/wp-content\\\/uploads\\\/2022\\\/10\\\/PeterRobertKeil_Ausstellung_im_Heidelberger_Schloss-1.png\",\"width\":1498,\"height\":1124,\"caption\":\"Peter Robert KEil Ausstellung Im Heidelberger Schloss IchFarbe -Ein Maler sagt ich.\"},{\"@type\":\"BreadcrumbList\",\"@id\":\"https:\\\/\\\/www.keil-collection-heidelberg.de\\\/en\\\/countdown-peter-robert-keil-exhibition-at-heidelberg-castle\\\/#breadcrumb\",\"itemListElement\":[{\"@type\":\"ListItem\",\"position\":1,\"name\":\"Startseite\",\"item\":\"https:\\\/\\\/www.keil-collection-heidelberg.de\\\/en\\\/\"},{\"@type\":\"ListItem\",\"position\":2,\"name\":\"Countdown: Peter Robert Keil &#8211; Exhibition at Heidelberg Castle\"}]},{\"@type\":\"WebSite\",\"@id\":\"https:\\\/\\\/www.keil-collection-heidelberg.de\\\/#website\",\"url\":\"https:\\\/\\\/www.keil-collection-heidelberg.de\\\/\",\"name\":\"Keil Collection Heidelberg\",\"description\":\"Peter Robert Keil\",\"potentialAction\":[{\"@type\":\"SearchAction\",\"target\":{\"@type\":\"EntryPoint\",\"urlTemplate\":\"https:\\\/\\\/www.keil-collection-heidelberg.de\\\/?s={search_term_string}\"},\"query-input\":{\"@type\":\"PropertyValueSpecification\",\"valueRequired\":true,\"valueName\":\"search_term_string\"}}],\"inLanguage\":\"en-US\"},{\"@type\":\"Person\",\"@id\":\"https:\\\/\\\/www.keil-collection-heidelberg.de\\\/#\\\/schema\\\/person\\\/bee047ca1aef4fa76095d6b1649ad7d1\",\"name\":\"Oskar Kampik\",\"description\":\"Oskar Kampik ist Kunstberater f\u00fcr Sammlungs- und Museumsaufl\u00f6sungen, Berlin. F\u00fcr die Keil Collection Heidelberg betreut er das Werkverzeichnis, die Webseite, Ausstellungen und die KI-gest\u00fctzte Zertifizierung von Werken Peter Robert Keils.\",\"sameAs\":[\"https:\\\/\\\/oskarkampik.com\\\/\",\"https:\\\/\\\/www.linkedin.com\\\/in\\\/oskarkampik\\\/\"],\"url\":\"https:\\\/\\\/www.keil-collection-heidelberg.de\\\/en\\\/author\\\/okkc_hd\\\/\"}]}<\/script>\n<!-- \/ Yoast SEO plugin. -->","yoast_head_json":{"title":"Countdown: Peter Robert Keil - Exhibition at Heidelberg Castle - Keil Collection Heidelberg","robots":{"index":"index","follow":"follow","max-snippet":"max-snippet:-1","max-image-preview":"max-image-preview:large","max-video-preview":"max-video-preview:-1"},"canonical":"https:\/\/www.keil-collection-heidelberg.de\/en\/countdown-peter-robert-keil-exhibition-at-heidelberg-castle\/","og_locale":"en_US","og_type":"article","og_title":"Countdown: Peter Robert Keil - Exhibition at Heidelberg Castle - Keil Collection Heidelberg","og_description":"The clock is ticking! Only a few hours remain until the opening of the great anniversary exhibition in Heidelberg Castle. Preparations are in full swing &#8211; the extensive supporting programme for the vernissage begins today at 4:00 pm. Die heutige Er\u00f6ffnung beinhaltet unter anderem exklusive Einblicke in das Werk Peter Robert Keils, verschiedene Vortr\u00e4ge, eine&hellip;","og_url":"https:\/\/www.keil-collection-heidelberg.de\/en\/countdown-peter-robert-keil-exhibition-at-heidelberg-castle\/","og_site_name":"Keil Collection Heidelberg","article_published_time":"2022-10-01T09:25:26+00:00","article_modified_time":"2022-10-01T09:25:27+00:00","og_image":[{"width":1024,"height":768,"url":"https:\/\/www.keil-collection-heidelberg.de\/wp-content\/uploads\/2022\/10\/PeterRobertKeil_Ausstellung_im_Heidelberger_Schloss-1-1024x768.png","type":"image\/png"}],"author":"Oskar Kampik","twitter_card":"summary_large_image","twitter_misc":{"Written by":"Oskar Kampik","Est. reading time":"1 minute"},"schema":{"@context":"https:\/\/schema.org","@graph":[{"@type":"Article","@id":"https:\/\/www.keil-collection-heidelberg.de\/en\/countdown-peter-robert-keil-exhibition-at-heidelberg-castle\/#article","isPartOf":{"@id":"https:\/\/www.keil-collection-heidelberg.de\/en\/countdown-peter-robert-keil-exhibition-at-heidelberg-castle\/"},"author":{"name":"Oskar Kampik","@id":"https:\/\/www.keil-collection-heidelberg.de\/#\/schema\/person\/bee047ca1aef4fa76095d6b1649ad7d1"},"headline":"Countdown: Peter Robert Keil &#8211; Exhibition at Heidelberg Castle","datePublished":"2022-10-01T09:25:26+00:00","dateModified":"2022-10-01T09:25:27+00:00","mainEntityOfPage":{"@id":"https:\/\/www.keil-collection-heidelberg.de\/en\/countdown-peter-robert-keil-exhibition-at-heidelberg-castle\/"},"wordCount":157,"image":{"@id":"https:\/\/www.keil-collection-heidelberg.de\/en\/countdown-peter-robert-keil-exhibition-at-heidelberg-castle\/#primaryimage"},"thumbnailUrl":"https:\/\/www.keil-collection-heidelberg.de\/wp-content\/uploads\/2022\/10\/PeterRobertKeil_Ausstellung_im_Heidelberger_Schloss-1.png","articleSection":["Allgemein","Ausstellungen"],"inLanguage":"en-US"},{"@type":"WebPage","@id":"https:\/\/www.keil-collection-heidelberg.de\/en\/countdown-peter-robert-keil-exhibition-at-heidelberg-castle\/","url":"https:\/\/www.keil-collection-heidelberg.de\/en\/countdown-peter-robert-keil-exhibition-at-heidelberg-castle\/","name":"Countdown: Peter Robert Keil - Exhibition at Heidelberg Castle - Keil Collection Heidelberg","isPartOf":{"@id":"https:\/\/www.keil-collection-heidelberg.de\/#website"},"primaryImageOfPage":{"@id":"https:\/\/www.keil-collection-heidelberg.de\/en\/countdown-peter-robert-keil-exhibition-at-heidelberg-castle\/#primaryimage"},"image":{"@id":"https:\/\/www.keil-collection-heidelberg.de\/en\/countdown-peter-robert-keil-exhibition-at-heidelberg-castle\/#primaryimage"},"thumbnailUrl":"https:\/\/www.keil-collection-heidelberg.de\/wp-content\/uploads\/2022\/10\/PeterRobertKeil_Ausstellung_im_Heidelberger_Schloss-1.png","datePublished":"2022-10-01T09:25:26+00:00","dateModified":"2022-10-01T09:25:27+00:00","author":{"@id":"https:\/\/www.keil-collection-heidelberg.de\/#\/schema\/person\/bee047ca1aef4fa76095d6b1649ad7d1"},"breadcrumb":{"@id":"https:\/\/www.keil-collection-heidelberg.de\/en\/countdown-peter-robert-keil-exhibition-at-heidelberg-castle\/#breadcrumb"},"inLanguage":"en-US","potentialAction":[{"@type":"ReadAction","target":["https:\/\/www.keil-collection-heidelberg.de\/en\/countdown-peter-robert-keil-exhibition-at-heidelberg-castle\/"]}]},{"@type":"ImageObject","inLanguage":"en-US","@id":"https:\/\/www.keil-collection-heidelberg.de\/en\/countdown-peter-robert-keil-exhibition-at-heidelberg-castle\/#primaryimage","url":"https:\/\/www.keil-collection-heidelberg.de\/wp-content\/uploads\/2022\/10\/PeterRobertKeil_Ausstellung_im_Heidelberger_Schloss-1.png","contentUrl":"https:\/\/www.keil-collection-heidelberg.de\/wp-content\/uploads\/2022\/10\/PeterRobertKeil_Ausstellung_im_Heidelberger_Schloss-1.png","width":1498,"height":1124,"caption":"Peter Robert KEil Ausstellung Im Heidelberger Schloss IchFarbe -Ein Maler sagt ich."},{"@type":"BreadcrumbList","@id":"https:\/\/www.keil-collection-heidelberg.de\/en\/countdown-peter-robert-keil-exhibition-at-heidelberg-castle\/#breadcrumb","itemListElement":[{"@type":"ListItem","position":1,"name":"Startseite","item":"https:\/\/www.keil-collection-heidelberg.de\/en\/"},{"@type":"ListItem","position":2,"name":"Countdown: Peter Robert Keil &#8211; Exhibition at Heidelberg Castle"}]},{"@type":"WebSite","@id":"https:\/\/www.keil-collection-heidelberg.de\/#website","url":"https:\/\/www.keil-collection-heidelberg.de\/","name":"Keil Collection Heidelberg","description":"Peter Robert Keil","potentialAction":[{"@type":"SearchAction","target":{"@type":"EntryPoint","urlTemplate":"https:\/\/www.keil-collection-heidelberg.de\/?s={search_term_string}"},"query-input":{"@type":"PropertyValueSpecification","valueRequired":true,"valueName":"search_term_string"}}],"inLanguage":"en-US"},{"@type":"Person","@id":"https:\/\/www.keil-collection-heidelberg.de\/#\/schema\/person\/bee047ca1aef4fa76095d6b1649ad7d1","name":"Oskar Kampik","description":"Oskar Kampik ist Kunstberater f\u00fcr Sammlungs- und Museumsaufl\u00f6sungen, Berlin. F\u00fcr die Keil Collection Heidelberg betreut er das Werkverzeichnis, die Webseite, Ausstellungen und die KI-gest\u00fctzte Zertifizierung von Werken Peter Robert Keils.","sameAs":["https:\/\/oskarkampik.com\/","https:\/\/www.linkedin.com\/in\/oskarkampik\/"],"url":"https:\/\/www.keil-collection-heidelberg.de\/en\/author\/okkc_hd\/"}]}},"_links":{"self":[{"href":"https:\/\/www.keil-collection-heidelberg.de\/en\/wp-json\/wp\/v2\/posts\/6056","targetHints":{"allow":["GET"]}}],"collection":[{"href":"https:\/\/www.keil-collection-heidelberg.de\/en\/wp-json\/wp\/v2\/posts"}],"about":[{"href":"https:\/\/www.keil-collection-heidelberg.de\/en\/wp-json\/wp\/v2\/types\/post"}],"author":[{"embeddable":true,"href":"https:\/\/www.keil-collection-heidelberg.de\/en\/wp-json\/wp\/v2\/users\/15"}],"replies":[{"embeddable":true,"href":"https:\/\/www.keil-collection-heidelberg.de\/en\/wp-json\/wp\/v2\/comments?post=6056"}],"version-history":[{"count":1,"href":"https:\/\/www.keil-collection-heidelberg.de\/en\/wp-json\/wp\/v2\/posts\/6056\/revisions"}],"predecessor-version":[{"id":6057,"href":"https:\/\/www.keil-collection-heidelberg.de\/en\/wp-json\/wp\/v2\/posts\/6056\/revisions\/6057"}],"wp:featuredmedia":[{"embeddable":true,"href":"https:\/\/www.keil-collection-heidelberg.de\/en\/wp-json\/wp\/v2\/media\/6053"}],"wp:attachment":[{"href":"https:\/\/www.keil-collection-heidelberg.de\/en\/wp-json\/wp\/v2\/media?parent=6056"}],"wp:term":[{"taxonomy":"category","embeddable":true,"href":"https:\/\/www.keil-collection-heidelberg.de\/en\/wp-json\/wp\/v2\/categories?post=6056"},{"taxonomy":"post_tag","embeddable":true,"href":"https:\/\/www.keil-collection-heidelberg.de\/en\/wp-json\/wp\/v2\/tags?post=6056"}],"curies":[{"name":"wp","href":"https:\/\/api.w.org\/{rel}","templated":true}]}}