{"id":5994,"date":"2022-09-09T11:39:10","date_gmt":"2022-09-09T10:39:10","guid":{"rendered":"https:\/\/www.keil-collection-heidelberg.de\/icolour-a-painter-says-i-exhibition-at-heidelberg-castle\/"},"modified":"2022-09-09T11:39:12","modified_gmt":"2022-09-09T10:39:12","slug":"icolour-a-painter-says-i-exhibition-at-heidelberg-castle","status":"publish","type":"post","link":"https:\/\/www.keil-collection-heidelberg.de\/en\/icolour-a-painter-says-i-exhibition-at-heidelberg-castle\/","title":{"rendered":"IColour &#8211; a painter says I. \/\/ Exhibition at Heidelberg Castle"},"content":{"rendered":"\n<p class=\"wp-block-paragraph\"><\/p>\n\n<div class=\"wp-block-themepunch-revslider revslider\" data-modal=\"false\" data-slidertitle=\"Plakat 1.Oktober\" style=\"\">\n\t\t\t\t<p class=\"rs-p-wp-fix\"><\/p>\n\t\t\t\t<sr7-module data-alias=\"slider-1\" data-id=\"4\" id=\"SR7_4_1\" class=\"rs-ov-hidden\" data-version=\"6.7.58\">\n\t\t\t\t\t<sr7-adjuster><\/sr7-adjuster>\n\t\t\t\t\t<sr7-content>\n\t\t\t\t\t\t<sr7-slide id=\"SR7_4_1-13\" data-key=\"13\">\n\t\t\t\t\t\t<\/sr7-slide>\n\t\t\t\t\t\t<sr7-slide id=\"SR7_4_1-15\" data-key=\"15\">\n\t\t\t\t\t\t<\/sr7-slide>\n\t\t\t\t\t\t<sr7-slide id=\"SR7_4_1-14\" data-key=\"14\">\n\t\t\t\t\t\t<\/sr7-slide>\n\t\t\t\t\t\t<sr7-slide id=\"SR7_4_1-38\" data-key=\"38\">\n\t\t\t\t\t\t<\/sr7-slide>\n\t\t\t\t\t<\/sr7-content>\n\t\t\t\t\t<image_lists style=\"display:none\">\n\t\t\t\t\t\t<img data-src=\"\/\/www.keil-collection-heidelberg.de\/wp-content\/uploads\/2022\/08\/1-IchFarbe_einMalersagtIch_Ausstellung_PeterKeil_Heidelbergschloss.png\" data-libid=\"5900\" title=\"IchFarbe_einMalersagtIch_Ausstellung_PeterKeil_Heidelbergschloss\" width=\"0\" height=\"0\" data-dbsrc=\"Ly93d3cua2VpbC1jb2xsZWN0aW9uLWhlaWRlbGJlcmcuZGUvd3AtY29udGVudC91cGxvYWRzLzIwMjIvMDgvMS1JY2hGYXJiZV9laW5NYWxlcnNhZ3RJY2hfQXVzc3RlbGx1bmdfUGV0ZXJLZWlsX0hlaWRlbGJlcmdzY2hsb3NzLnBuZw==\"\/>\n\t\t\t\t\t\t<img data-src=\"\/\/www.keil-collection-heidelberg.de\/wp-content\/uploads\/2022\/08\/1-IchFarbe_einMalersagtIch_Ausstellung_PeterKeil_Heidelbergschloss3.png\" data-libid=\"5910\" title=\"IchFarbe_einMalersagtIch_Ausstellung_PeterKeil_Heidelbergschloss3\" width=\"0\" height=\"0\" data-dbsrc=\"Ly93d3cua2VpbC1jb2xsZWN0aW9uLWhlaWRlbGJlcmcuZGUvd3AtY29udGVudC91cGxvYWRzLzIwMjIvMDgvMS1JY2hGYXJiZV9laW5NYWxlcnNhZ3RJY2hfQXVzc3RlbGx1bmdfUGV0ZXJLZWlsX0hlaWRlbGJlcmdzY2hsb3NzMy5wbmc=\"\/>\n\t\t\t\t\t\t<img data-src=\"\/\/www.keil-collection-heidelberg.de\/wp-content\/uploads\/2022\/08\/2-IchFarbe_einMalersagtIch_Ausstellung_PeterKeil_Heidelbergschloss4.png\" data-libid=\"5913\" title=\"IchFarbe_einMalersagtIch_Ausstellung_PeterKeil_Heidelbergschloss4\" width=\"0\" height=\"0\" data-dbsrc=\"Ly93d3cua2VpbC1jb2xsZWN0aW9uLWhlaWRlbGJlcmcuZGUvd3AtY29udGVudC91cGxvYWRzLzIwMjIvMDgvMi1JY2hGYXJiZV9laW5NYWxlcnNhZ3RJY2hfQXVzc3RlbGx1bmdfUGV0ZXJLZWlsX0hlaWRlbGJlcmdzY2hsb3NzNC5wbmc=\"\/>\n\t\t\t\t\t\t<img data-src=\"\/\/www.keil-collection-heidelberg.de\/wp-content\/uploads\/2022\/08\/2-IchFarbe_einMalersagtIch_Ausstellung_PeterKeil_Heidelbergschloss.png\" data-libid=\"5915\" title=\"IchFarbe- ein Maler sagt Ich. Ausstellung Peter Keil Heidelberger schloss\" width=\"0\" height=\"0\" data-dbsrc=\"Ly93d3cua2VpbC1jb2xsZWN0aW9uLWhlaWRlbGJlcmcuZGUvd3AtY29udGVudC91cGxvYWRzLzIwMjIvMDgvMi1JY2hGYXJiZV9laW5NYWxlcnNhZ3RJY2hfQXVzc3RlbGx1bmdfUGV0ZXJLZWlsX0hlaWRlbGJlcmdzY2hsb3NzLnBuZw==\"\/>\n\t\t\t\t\t\t<img data-src=\"\/\/www.keil-collection-heidelberg.de\/wp-content\/uploads\/2022\/08\/2-IchFarbe_einMalersagtIch_Ausstellung_PeterKeil_Heidelbergschloss5.png\" data-libid=\"5908\" title=\"IchFarbe_einMalersagtIch_Ausstellung_PeterKeil_Heidelbergschloss5\" width=\"0\" height=\"0\" data-dbsrc=\"Ly93d3cua2VpbC1jb2xsZWN0aW9uLWhlaWRlbGJlcmcuZGUvd3AtY29udGVudC91cGxvYWRzLzIwMjIvMDgvMi1JY2hGYXJiZV9laW5NYWxlcnNhZ3RJY2hfQXVzc3RlbGx1bmdfUGV0ZXJLZWlsX0hlaWRlbGJlcmdzY2hsb3NzNS5wbmc=\"\/>\n\t\t\t\t\t\t<img data-src=\"\/\/www.keil-collection-heidelberg.de\/wp-content\/uploads\/2022\/08\/1-IchFarbe_einMalersagtIch_Ausstellung_PeterKeil_Heidelbergschloss2.png\" data-libid=\"5902\" title=\"IchFarbe_einMalersagtIch_Ausstellung_PeterKeil_Heidelbergschloss2\" width=\"0\" height=\"0\" data-dbsrc=\"Ly93d3cua2VpbC1jb2xsZWN0aW9uLWhlaWRlbGJlcmcuZGUvd3AtY29udGVudC91cGxvYWRzLzIwMjIvMDgvMS1JY2hGYXJiZV9laW5NYWxlcnNhZ3RJY2hfQXVzc3RlbGx1bmdfUGV0ZXJLZWlsX0hlaWRlbGJlcmdzY2hsb3NzMi5wbmc=\"\/>\n\t\t\t\t\t<\/image_lists>\n\t\t\t\t<\/sr7-module>\n\t\t\t\t<script>\n\t\t\t\t\twindow.SR7 ??={};SR7.PMH ??={}; SR7.PMH[\"SR7_4_1\"] = {cn:100,state:false,fn: function() { if (window._tpt!==undefined && window._tpt.prepareModuleHeight !== undefined) {  _tpt.prepareModuleHeight({id:\"SR7_4_1\",el:[550,550,550,550,300],type:'standard',shdw:'0',gh:[550,550,550,550,300],gw:[1240,1240,1240,1240,480],vpt:['-200px&#039;,&#039;-200px&#039;,&#039;-200px&#039;,&#039;-200px&#039;,&#039;-200px'],size:{fullWidth:true, fullHeight:false},mh:'0',onh:0,onw:0,bg:{color:'{\"orig\":\"transparent\",\"type\":\"solid\",\"string\":\"transparent\"}'}});   SR7.PMH[\"SR7_4_1\"].state=true;} else if(SR7.PMH[\"SR7_4_1\"].cn-->0)\tsetTimeout( SR7.PMH[\"SR7_4_1\"].fn,19);}};SR7.PMH[\"SR7_4_1\" ].fn();\n\t\t\t\t<\/script>\n<\/div>\r\n\n<p class=\"wp-block-paragraph\">The Keil Collection Heidelberg is honoured to cordially invite you to the vernissage of the large anniversary exhibition on the occasion of Peter Robert Keil&#8217;s 80th birthday.<\/p>\n\n<div style=\"height:28px\" aria-hidden=\"true\" class=\"wp-block-spacer\"><\/div>\n\n<p class=\"wp-block-paragraph\">In addition to an extensive retrospective of the artist&#8217;s life&#8217;s work, you can also expect to see the latest paintings created by Peter Robert Keil in July &amp; August 2022 as Artist in Residence of Xylon Museum in Schwetzingen. The artist will be present in person.<\/p>\n\n<div style=\"height:28px\" aria-hidden=\"true\" class=\"wp-block-spacer\"><\/div>\n\n<p class=\"wp-block-paragraph\">The exhibition &#8220;IColour &#8211; a painter says I.&#8221; is open from 1 &#8211; 3 October from 11:00 &#8211; 18:00. The vernissage with a multi-faceted programme starts on 1 October at 16:00.\u00a0<\/p>\n\n<div style=\"height:78px\" aria-hidden=\"true\" class=\"wp-block-spacer\"><\/div>\n\n<h3 class=\"wp-block-heading\">Programme Vernissage 1 October 2022, Heidelberg Castle, Ottheinrich Building<\/h3>\n\n<p class=\"wp-block-paragraph\">16:00 \u00a0 \u00a0 \u00a0 \u00a0 \u00a0 \u00a0 \u00a0 \u00a0 \u00a0 \u00a0 \u00a0 \u00a0 \u00a0 \u00a0 Opening (Wilhelm Kampik)<\/p>\n\n<p class=\"wp-block-paragraph\">16:30 \u00a0 \u00a0 \u00a0 \u00a0 \u00a0 \u00a0 \u00a0 \u00a0 Introduction to the work + exhibition (Dr. Kristina Hoge)<\/p>\n\n<p class=\"wp-block-paragraph\">17:00 \u00a0 \u00a0 \u00a0 \u00a0 \u00a0 \u00a0 \u00a0 \u00a0 \u00a0 \u00a0 \u00a0 \u00a0 \u00a0 \u00a0 \u00a0 \u00a0 \u00a0 \u00a0 Musical Break I (Jule Werner &amp; Band)<\/p>\n\n<p class=\"wp-block-paragraph\">17:30 \u00a0 \u00a0 \u00a0 \u00a0 \u00a0 \u00a0 \u00a0 \u00a0 \u00a0 \u00a0 \u00a0 \u00a0 \u00a0 \u00a0 \u00a0 \u00a0 \u00a0 \u00a0 \u00a0 \u00a0 \u00a0 \u00a0 \u00a0 Texts on Art (Rainer Ren\u00e9 Mueller)<\/p>\n\n<p class=\"wp-block-paragraph\">18:00                                Presentation of birthday greetings Peter Robert Keil<\/p>\n\n<p class=\"wp-block-paragraph\">\u00a0\u00a0\u00a0\u00a0\u00a0\u00a0\u00a0\u00a0\u00a0\u00a0\u00a0\u00a0\u00a0\u00a0\u00a0\u00a0\u00a0\u00a0\u00a0\u00a0\u00a0\u00a0\u00a0\u00a0\u00a0\u00a0\u00a0\u00a0\u00a0\u00a0\u00a0\u00a0\u00a0\u00a0\u00a0\u00a0\u00a0\u00a0 &amp; Drawing of the winner among the well-wishers<\/p>\n\n<p class=\"wp-block-paragraph\">(<em>Stephan Teuber<\/em>)<\/p>\n\n<p class=\"wp-block-paragraph\">18:20 \u00a0 \u00a0 \u00a0 \u00a0 \u00a0 \u00a0 \u00a0 \u00a0 \u00a0 \u00a0 \u00a0 \u00a0 Presentation of the book &#8220;Keil 80&#8221; (Stephan Teuber)<\/p>\n\n<p class=\"wp-block-paragraph\">18:30 \u00a0 \u00a0 \u00a0 \u00a0 \u00a0 \u00a0 \u00a0 \u00a0 \u00a0 \u00a0 \u00a0 \u00a0 \u00a0 \u00a0 \u00a0 \u00a0 \u00a0 \u00a0 \u00a0 \u00a0 \u00a0 \u00a0 Musical Break II (Jule Werner &amp; Band)<\/p>\n\n<p class=\"wp-block-paragraph\">19:00                                             Internationals Live streaming of a tour through <\/p>\n\n<p class=\"has-text-align-left wp-block-paragraph\">                                      the exhibition followed by a charity auction <\/p>\n\n<p class=\"has-text-align-left wp-block-paragraph\">of selected works (Michael Lehrberger in discussion round<\/p>\n\n<p class=\"has-text-align-left wp-block-paragraph\"><em>with Dr. Kristina Hoge &amp; Wilhelm Kampik)<\/em><\/p>\n\n<p class=\"wp-block-paragraph\">From 20:00                               Open discussion rounds with musical accompaniment\u00a0\u00a0\u00a0\u00a0\u00a0\u00a0\u00a0\u00a0\u00a0\u00a0\u00a0\u00a0\u00a0\u00a0\u00a0\u00a0\u00a0\u00a0\u00a0\u00a0\u00a0\u00a0\u00a0\u00a0\u00a0\u00a0\u00a0\u00a0\u00a0\u00a0\u00a0\u00a0\u00a0\u00a0\u00a0<\/p>\n\n<p class=\"wp-block-paragraph\">(All guests present + Jule Werner &amp; Band)<\/p>\n\n<div style=\"height:78px\" aria-hidden=\"true\" class=\"wp-block-spacer\"><\/div>\n\n<p class=\"wp-block-paragraph\">We ask for your understanding that for organisational reasons admission can only take place after personal web registration:<\/p>\n\n<div style=\"height:28px\" aria-hidden=\"true\" class=\"wp-block-spacer\"><\/div>\n\n<h3 class=\"wp-block-heading\">Registration for the vernissage <\/h3>\n\n<div class=\"wp-block-contact-form-7-contact-form-selector\"><\/div>\n<div class=\"wpcf7 no-js\" id=\"wpcf7-f5859-o1\" lang=\"de-DE\" dir=\"ltr\" data-wpcf7-id=\"5859\">\n<div class=\"screen-reader-response\"><p role=\"status\" aria-live=\"polite\" aria-atomic=\"true\"><\/p> <ul><\/ul><\/div>\n<form action=\"\/en\/wp-json\/wp\/v2\/posts\/5994#wpcf7-f5859-o1\" method=\"post\" class=\"wpcf7-form init\" aria-label=\"Kontaktformular\" novalidate=\"novalidate\" data-status=\"init\">\n<fieldset class=\"hidden-fields-container\"><input type=\"hidden\" name=\"_wpcf7\" value=\"5859\" \/><input type=\"hidden\" name=\"_wpcf7_version\" value=\"6.1.7\" \/><input type=\"hidden\" name=\"_wpcf7_locale\" value=\"de_DE\" \/><input type=\"hidden\" name=\"_wpcf7_unit_tag\" value=\"wpcf7-f5859-o1\" \/><input type=\"hidden\" name=\"_wpcf7_container_post\" value=\"0\" \/><input type=\"hidden\" name=\"_wpcf7_posted_data_hash\" value=\"\" \/><input type=\"hidden\" name=\"_wpcf7_recaptcha_response\" value=\"\" \/>\n<\/fieldset>\n<p><label> Dein Vor-und Nachname<br \/>\n<span class=\"wpcf7-form-control-wrap\" data-name=\"your-name\"><input size=\"40\" maxlength=\"400\" class=\"wpcf7-form-control wpcf7-text wpcf7-validates-as-required\" aria-required=\"true\" aria-invalid=\"false\" value=\"\" type=\"text\" name=\"your-name\" \/><\/span> <\/label>\n<\/p>\n<p><label> Deine E-Mail-Adresse<br \/>\n<span class=\"wpcf7-form-control-wrap\" data-name=\"your-email\"><input size=\"40\" maxlength=\"400\" class=\"wpcf7-form-control wpcf7-email wpcf7-validates-as-required wpcf7-text wpcf7-validates-as-email\" aria-required=\"true\" aria-invalid=\"false\" value=\"\" type=\"email\" name=\"your-email\" \/><\/span> <\/label>\n<\/p>\n<p><label> Anzahl an Personen<br \/>\n<span class=\"wpcf7-form-control-wrap\" data-name=\"number-776\"><input class=\"wpcf7-form-control wpcf7-number wpcf7-validates-as-required wpcf7-validates-as-number\" min=\"1\" max=\"10\" aria-required=\"true\" aria-invalid=\"false\" value=\"\" type=\"number\" name=\"number-776\" \/><\/span><\/label>\n<\/p>\n<p><label> Deine Nachricht (optional)<br \/>\n<span class=\"wpcf7-form-control-wrap\" data-name=\"your-message\"><textarea cols=\"40\" rows=\"10\" maxlength=\"2000\" class=\"wpcf7-form-control wpcf7-textarea\" aria-invalid=\"false\" name=\"your-message\"><\/textarea><\/span> <\/label>\n<\/p>\n<p><span class=\"wpcf7-form-control-wrap\" data-name=\"acceptance-125\"><span class=\"wpcf7-form-control wpcf7-acceptance\"><span class=\"wpcf7-list-item\"><input type=\"checkbox\" name=\"acceptance-125\" value=\"1\" aria-invalid=\"false\" \/><\/span><\/span><\/span> Ihre Daten werden zwecks Registrierung zur Vernissage gespeichert. Bitte best\u00e4tigen Sie, dass Sie damit einverstanden sind.\n<\/p>\n<p><input class=\"wpcf7-form-control wpcf7-submit has-spinner\" type=\"submit\" value=\"Senden\" \/>\n<\/p><div class=\"wpcf7-response-output\" aria-hidden=\"true\"><\/div>\n<\/form>\n<\/div>\nd\n\n<div style=\"height:62px\" aria-hidden=\"true\" class=\"wp-block-spacer\"><\/div>\n\n<p class=\"main p wp-block-paragraph\">In addition to the anniversary exhibition, there is also the opportunity to view the new hanging of the Keil Collection Heidelberg in the offices of GIM. For this purpose, we offer a guided tour on 2 and 3 October at 11 a.m. and 3 p.m. respectively.\u00a0<\/p>\n\n<div style=\"height:28px\" aria-hidden=\"true\" class=\"wp-block-spacer\"><\/div>\n\n<p class=\"wp-block-paragraph\">Due to the high demand for certifications, we are offering appointments on 2 &amp; 3 October from 14:00. A personal appointment is required for this. Please contact us by e-mail at Kampik @ keil-collection-heidelberg.de.<\/p>\n\n<div style=\"height:28px\" aria-hidden=\"true\" class=\"wp-block-spacer\"><\/div>\n\n<p class=\"wp-block-paragraph\">Finally, we would like to repeat the call to send birthday wishes to Mr Keil. So far we have already received numerous responses and are happy to accept wishes until 15 September.<\/p>\n\n<div style=\"height:28px\" aria-hidden=\"true\" class=\"wp-block-spacer\"><\/div>\n\n<p class=\"wp-block-paragraph\">We look forward to your coming and an exciting art experience!<\/p>\n\n<p class=\"wp-block-paragraph\">Your Keil Collection Heidelberg<\/p>\n\n<div class=\"wp-block-themepunch-revslider revslider\" data-modal=\"false\" data-slidertitle=\"Slider 2\" style=\"\">\n\t\t\t\t<p class=\"rs-p-wp-fix\"><\/p>\n\t\t\t\t<sr7-module data-alias=\"slider-2\" data-id=\"5\" id=\"SR7_5_2\" class=\"rs-ov-hidden\" data-version=\"6.7.58\">\n\t\t\t\t\t<sr7-adjuster><\/sr7-adjuster>\n\t\t\t\t\t<sr7-content>\n\t\t\t\t\t\t<sr7-slide id=\"SR7_5_2-16\" data-key=\"16\">\n\t\t\t\t\t\t<\/sr7-slide>\n\t\t\t\t\t\t<sr7-slide id=\"SR7_5_2-17\" data-key=\"17\">\n\t\t\t\t\t\t<\/sr7-slide>\n\t\t\t\t\t\t<sr7-slide id=\"SR7_5_2-39\" data-key=\"39\">\n\t\t\t\t\t\t<\/sr7-slide>\n\t\t\t\t\t<\/sr7-content>\n\t\t\t\t\t<image_lists style=\"display:none\">\n\t\t\t\t\t\t<img data-src=\"\/\/www.keil-collection-heidelberg.de\/wp-content\/uploads\/2022\/08\/1-Screenshot 2022-08-31 at 14.32.25.png\" data-libid=\"5917\" title=\"Screenshot 2022-08-31 at 14.32.25\" width=\"0\" height=\"0\" data-dbsrc=\"Ly93d3cua2VpbC1jb2xsZWN0aW9uLWhlaWRlbGJlcmcuZGUvd3AtY29udGVudC91cGxvYWRzLzIwMjIvMDgvMS1TY3JlZW5zaG90IDIwMjItMDgtMzEgYXQgMTQuMzIuMjUucG5n\"\/>\n\t\t\t\t\t\t<img data-src=\"\/\/www.keil-collection-heidelberg.de\/wp-content\/uploads\/2022\/08\/1-Screenshot 2022-08-31 at 14.32.41.png\" data-libid=\"5919\" title=\"Screenshot 2022-08-31 at 14.32.41\" width=\"0\" height=\"0\" data-dbsrc=\"Ly93d3cua2VpbC1jb2xsZWN0aW9uLWhlaWRlbGJlcmcuZGUvd3AtY29udGVudC91cGxvYWRzLzIwMjIvMDgvMS1TY3JlZW5zaG90IDIwMjItMDgtMzEgYXQgMTQuMzIuNDEucG5n\"\/>\n\t\t\t\t\t<\/image_lists>\n\t\t\t\t<\/sr7-module>\n\t\t\t\t<script>\n\t\t\t\t\twindow.SR7 ??={};SR7.PMH ??={}; SR7.PMH[\"SR7_5_2\"] = {cn:100,state:false,fn: function() { if (window._tpt!==undefined && window._tpt.prepareModuleHeight !== undefined) {  _tpt.prepareModuleHeight({id:\"SR7_5_2\",el:[250,250,250,250,200],type:'standard',shdw:'0',gh:[250,250,250,250,200],gw:[800,800,800,800,480],vpt:['-200px&#039;,&#039;-200px&#039;,&#039;-200px&#039;,&#039;-200px&#039;,&#039;-200px'],size:{fullWidth:true, fullHeight:false},mh:'0',onh:0,onw:0,bg:{color:'{\"orig\":\"transparent\",\"type\":\"solid\",\"string\":\"transparent\"}'}});   SR7.PMH[\"SR7_5_2\"].state=true;} else if(SR7.PMH[\"SR7_5_2\"].cn-->0)\tsetTimeout( SR7.PMH[\"SR7_5_2\"].fn,19);}};SR7.PMH[\"SR7_5_2\" ].fn();\n\t\t\t\t<\/script>\n<\/div>\r\n","protected":false},"excerpt":{"rendered":"<p>The Keil Collection Heidelberg is honoured to cordially invite you to the vernissage of the large anniversary exhibition on the occasion of Peter Robert Keil&#8217;s 80th birthday. In addition to an extensive retrospective of the artist&#8217;s life&#8217;s work, you can also expect to see the latest paintings created by Peter Robert Keil in July &amp;&hellip;<\/p>\n","protected":false},"author":15,"featured_media":5969,"comment_status":"open","ping_status":"open","sticky":false,"template":"","format":"standard","meta":{"ngg_post_thumbnail":0,"footnotes":""},"categories":[3,24,47],"tags":[],"class_list":["post-5994","post","type-post","status-publish","format-standard","has-post-thumbnail","hentry","category-allgemein-en","category-ausstellungen-en","category-dates","category-3","category-24","category-47","description-off"],"yoast_head":"<!-- This site is optimized with the Yoast SEO plugin v28.4 - https:\/\/yoast.com\/product\/yoast-seo-wordpress\/ -->\n<title>IColour - a painter says I. \/\/ Exhibition at Heidelberg Castle<\/title>\n<meta name=\"description\" content=\"The exhibition at Heidelberg Castle &quot;IchFarbe - ein Maler sagt ich.&quot; is open from 1 - 3 October from 11:00 - 18:00.\" \/>\n<meta name=\"robots\" content=\"index, follow, max-snippet:-1, max-image-preview:large, max-video-preview:-1\" \/>\n<link rel=\"canonical\" href=\"https:\/\/www.keil-collection-heidelberg.de\/en\/icolour-a-painter-says-i-exhibition-at-heidelberg-castle\/\" \/>\n<meta property=\"og:locale\" content=\"en_US\" \/>\n<meta property=\"og:type\" content=\"article\" \/>\n<meta property=\"og:title\" content=\"IColour - a painter says I. \/\/ Exhibition at Heidelberg Castle\" \/>\n<meta property=\"og:description\" content=\"The exhibition at Heidelberg Castle &quot;IchFarbe - ein Maler sagt ich.&quot; is open from 1 - 3 October from 11:00 - 18:00.\" \/>\n<meta property=\"og:url\" content=\"https:\/\/www.keil-collection-heidelberg.de\/en\/icolour-a-painter-says-i-exhibition-at-heidelberg-castle\/\" \/>\n<meta property=\"og:site_name\" content=\"Keil Collection Heidelberg\" \/>\n<meta property=\"article:published_time\" content=\"2022-09-09T10:39:10+00:00\" \/>\n<meta property=\"article:modified_time\" content=\"2022-09-09T10:39:12+00:00\" \/>\n<meta property=\"og:image\" content=\"https:\/\/www.keil-collection-heidelberg.de\/wp-content\/uploads\/2022\/08\/IchFarbe_einMalersagtIch_Ausstellung_PeterKeil_Heidelbergschloss.png\" \/>\n\t<meta property=\"og:image:width\" content=\"1046\" \/>\n\t<meta property=\"og:image:height\" content=\"1478\" \/>\n\t<meta property=\"og:image:type\" content=\"image\/png\" \/>\n<meta name=\"author\" content=\"Oskar Kampik\" \/>\n<meta name=\"twitter:card\" content=\"summary_large_image\" \/>\n<meta name=\"twitter:label1\" content=\"Written by\" \/>\n\t<meta name=\"twitter:data1\" content=\"Oskar Kampik\" \/>\n\t<meta name=\"twitter:label2\" content=\"Est. reading time\" \/>\n\t<meta name=\"twitter:data2\" content=\"2 minutes\" \/>\n<script type=\"application\/ld+json\" class=\"yoast-schema-graph\">{\"@context\":\"https:\\\/\\\/schema.org\",\"@graph\":[{\"@type\":\"Article\",\"@id\":\"https:\\\/\\\/www.keil-collection-heidelberg.de\\\/en\\\/icolour-a-painter-says-i-exhibition-at-heidelberg-castle\\\/#article\",\"isPartOf\":{\"@id\":\"https:\\\/\\\/www.keil-collection-heidelberg.de\\\/en\\\/icolour-a-painter-says-i-exhibition-at-heidelberg-castle\\\/\"},\"author\":{\"name\":\"Oskar Kampik\",\"@id\":\"https:\\\/\\\/www.keil-collection-heidelberg.de\\\/#\\\/schema\\\/person\\\/bee047ca1aef4fa76095d6b1649ad7d1\"},\"headline\":\"IColour &#8211; a painter says I. \\\/\\\/ Exhibition at Heidelberg Castle\",\"datePublished\":\"2022-09-09T10:39:10+00:00\",\"dateModified\":\"2022-09-09T10:39:12+00:00\",\"mainEntityOfPage\":{\"@id\":\"https:\\\/\\\/www.keil-collection-heidelberg.de\\\/en\\\/icolour-a-painter-says-i-exhibition-at-heidelberg-castle\\\/\"},\"wordCount\":387,\"commentCount\":0,\"image\":{\"@id\":\"https:\\\/\\\/www.keil-collection-heidelberg.de\\\/en\\\/icolour-a-painter-says-i-exhibition-at-heidelberg-castle\\\/#primaryimage\"},\"thumbnailUrl\":\"https:\\\/\\\/www.keil-collection-heidelberg.de\\\/wp-content\\\/uploads\\\/2022\\\/08\\\/4-IchFarbe_einMalersagtIch_Ausstellung_PeterKeil_Heidelbergschloss.png\",\"articleSection\":[\"Allgemein\",\"Ausstellungen\",\"Dates\"],\"inLanguage\":\"en-US\",\"potentialAction\":[{\"@type\":\"CommentAction\",\"name\":\"Comment\",\"target\":[\"https:\\\/\\\/www.keil-collection-heidelberg.de\\\/en\\\/icolour-a-painter-says-i-exhibition-at-heidelberg-castle\\\/#respond\"]}]},{\"@type\":\"WebPage\",\"@id\":\"https:\\\/\\\/www.keil-collection-heidelberg.de\\\/en\\\/icolour-a-painter-says-i-exhibition-at-heidelberg-castle\\\/\",\"url\":\"https:\\\/\\\/www.keil-collection-heidelberg.de\\\/en\\\/icolour-a-painter-says-i-exhibition-at-heidelberg-castle\\\/\",\"name\":\"IColour - a painter says I. \\\/\\\/ Exhibition at Heidelberg Castle\",\"isPartOf\":{\"@id\":\"https:\\\/\\\/www.keil-collection-heidelberg.de\\\/#website\"},\"primaryImageOfPage\":{\"@id\":\"https:\\\/\\\/www.keil-collection-heidelberg.de\\\/en\\\/icolour-a-painter-says-i-exhibition-at-heidelberg-castle\\\/#primaryimage\"},\"image\":{\"@id\":\"https:\\\/\\\/www.keil-collection-heidelberg.de\\\/en\\\/icolour-a-painter-says-i-exhibition-at-heidelberg-castle\\\/#primaryimage\"},\"thumbnailUrl\":\"https:\\\/\\\/www.keil-collection-heidelberg.de\\\/wp-content\\\/uploads\\\/2022\\\/08\\\/4-IchFarbe_einMalersagtIch_Ausstellung_PeterKeil_Heidelbergschloss.png\",\"datePublished\":\"2022-09-09T10:39:10+00:00\",\"dateModified\":\"2022-09-09T10:39:12+00:00\",\"author\":{\"@id\":\"https:\\\/\\\/www.keil-collection-heidelberg.de\\\/#\\\/schema\\\/person\\\/bee047ca1aef4fa76095d6b1649ad7d1\"},\"description\":\"The exhibition at Heidelberg Castle \\\"IchFarbe - ein Maler sagt ich.\\\" is open from 1 - 3 October from 11:00 - 18:00.\",\"breadcrumb\":{\"@id\":\"https:\\\/\\\/www.keil-collection-heidelberg.de\\\/en\\\/icolour-a-painter-says-i-exhibition-at-heidelberg-castle\\\/#breadcrumb\"},\"inLanguage\":\"en-US\",\"potentialAction\":[{\"@type\":\"ReadAction\",\"target\":[\"https:\\\/\\\/www.keil-collection-heidelberg.de\\\/en\\\/icolour-a-painter-says-i-exhibition-at-heidelberg-castle\\\/\"]}]},{\"@type\":\"ImageObject\",\"inLanguage\":\"en-US\",\"@id\":\"https:\\\/\\\/www.keil-collection-heidelberg.de\\\/en\\\/icolour-a-painter-says-i-exhibition-at-heidelberg-castle\\\/#primaryimage\",\"url\":\"https:\\\/\\\/www.keil-collection-heidelberg.de\\\/wp-content\\\/uploads\\\/2022\\\/08\\\/4-IchFarbe_einMalersagtIch_Ausstellung_PeterKeil_Heidelbergschloss.png\",\"contentUrl\":\"https:\\\/\\\/www.keil-collection-heidelberg.de\\\/wp-content\\\/uploads\\\/2022\\\/08\\\/4-IchFarbe_einMalersagtIch_Ausstellung_PeterKeil_Heidelbergschloss.png\",\"width\":1046,\"height\":1478},{\"@type\":\"BreadcrumbList\",\"@id\":\"https:\\\/\\\/www.keil-collection-heidelberg.de\\\/en\\\/icolour-a-painter-says-i-exhibition-at-heidelberg-castle\\\/#breadcrumb\",\"itemListElement\":[{\"@type\":\"ListItem\",\"position\":1,\"name\":\"Startseite\",\"item\":\"https:\\\/\\\/www.keil-collection-heidelberg.de\\\/en\\\/\"},{\"@type\":\"ListItem\",\"position\":2,\"name\":\"IColour &#8211; a painter says I. \\\/\\\/ Exhibition at Heidelberg Castle\"}]},{\"@type\":\"WebSite\",\"@id\":\"https:\\\/\\\/www.keil-collection-heidelberg.de\\\/#website\",\"url\":\"https:\\\/\\\/www.keil-collection-heidelberg.de\\\/\",\"name\":\"Keil Collection Heidelberg\",\"description\":\"Peter Robert Keil\",\"potentialAction\":[{\"@type\":\"SearchAction\",\"target\":{\"@type\":\"EntryPoint\",\"urlTemplate\":\"https:\\\/\\\/www.keil-collection-heidelberg.de\\\/?s={search_term_string}\"},\"query-input\":{\"@type\":\"PropertyValueSpecification\",\"valueRequired\":true,\"valueName\":\"search_term_string\"}}],\"inLanguage\":\"en-US\"},{\"@type\":\"Person\",\"@id\":\"https:\\\/\\\/www.keil-collection-heidelberg.de\\\/#\\\/schema\\\/person\\\/bee047ca1aef4fa76095d6b1649ad7d1\",\"name\":\"Oskar Kampik\",\"description\":\"Oskar Kampik ist Kunstberater f\u00fcr Sammlungs- und Museumsaufl\u00f6sungen, Berlin. F\u00fcr die Keil Collection Heidelberg betreut er das Werkverzeichnis, die Webseite, Ausstellungen und die KI-gest\u00fctzte Zertifizierung von Werken Peter Robert Keils.\",\"sameAs\":[\"https:\\\/\\\/oskarkampik.com\\\/\",\"https:\\\/\\\/www.linkedin.com\\\/in\\\/oskarkampik\\\/\"],\"url\":\"https:\\\/\\\/www.keil-collection-heidelberg.de\\\/en\\\/author\\\/okkc_hd\\\/\"}]}<\/script>\n<!-- \/ Yoast SEO plugin. -->","yoast_head_json":{"title":"IColour - a painter says I. \/\/ Exhibition at Heidelberg Castle","description":"The exhibition at Heidelberg Castle \"IchFarbe - ein Maler sagt ich.\" is open from 1 - 3 October from 11:00 - 18:00.","robots":{"index":"index","follow":"follow","max-snippet":"max-snippet:-1","max-image-preview":"max-image-preview:large","max-video-preview":"max-video-preview:-1"},"canonical":"https:\/\/www.keil-collection-heidelberg.de\/en\/icolour-a-painter-says-i-exhibition-at-heidelberg-castle\/","og_locale":"en_US","og_type":"article","og_title":"IColour - a painter says I. \/\/ Exhibition at Heidelberg Castle","og_description":"The exhibition at Heidelberg Castle \"IchFarbe - ein Maler sagt ich.\" is open from 1 - 3 October from 11:00 - 18:00.","og_url":"https:\/\/www.keil-collection-heidelberg.de\/en\/icolour-a-painter-says-i-exhibition-at-heidelberg-castle\/","og_site_name":"Keil Collection Heidelberg","article_published_time":"2022-09-09T10:39:10+00:00","article_modified_time":"2022-09-09T10:39:12+00:00","og_image":[{"width":1046,"height":1478,"url":"https:\/\/www.keil-collection-heidelberg.de\/wp-content\/uploads\/2022\/08\/IchFarbe_einMalersagtIch_Ausstellung_PeterKeil_Heidelbergschloss.png","type":"image\/png"}],"author":"Oskar Kampik","twitter_card":"summary_large_image","twitter_misc":{"Written by":"Oskar Kampik","Est. reading time":"2 minutes"},"schema":{"@context":"https:\/\/schema.org","@graph":[{"@type":"Article","@id":"https:\/\/www.keil-collection-heidelberg.de\/en\/icolour-a-painter-says-i-exhibition-at-heidelberg-castle\/#article","isPartOf":{"@id":"https:\/\/www.keil-collection-heidelberg.de\/en\/icolour-a-painter-says-i-exhibition-at-heidelberg-castle\/"},"author":{"name":"Oskar Kampik","@id":"https:\/\/www.keil-collection-heidelberg.de\/#\/schema\/person\/bee047ca1aef4fa76095d6b1649ad7d1"},"headline":"IColour &#8211; a painter says I. \/\/ Exhibition at Heidelberg Castle","datePublished":"2022-09-09T10:39:10+00:00","dateModified":"2022-09-09T10:39:12+00:00","mainEntityOfPage":{"@id":"https:\/\/www.keil-collection-heidelberg.de\/en\/icolour-a-painter-says-i-exhibition-at-heidelberg-castle\/"},"wordCount":387,"commentCount":0,"image":{"@id":"https:\/\/www.keil-collection-heidelberg.de\/en\/icolour-a-painter-says-i-exhibition-at-heidelberg-castle\/#primaryimage"},"thumbnailUrl":"https:\/\/www.keil-collection-heidelberg.de\/wp-content\/uploads\/2022\/08\/4-IchFarbe_einMalersagtIch_Ausstellung_PeterKeil_Heidelbergschloss.png","articleSection":["Allgemein","Ausstellungen","Dates"],"inLanguage":"en-US","potentialAction":[{"@type":"CommentAction","name":"Comment","target":["https:\/\/www.keil-collection-heidelberg.de\/en\/icolour-a-painter-says-i-exhibition-at-heidelberg-castle\/#respond"]}]},{"@type":"WebPage","@id":"https:\/\/www.keil-collection-heidelberg.de\/en\/icolour-a-painter-says-i-exhibition-at-heidelberg-castle\/","url":"https:\/\/www.keil-collection-heidelberg.de\/en\/icolour-a-painter-says-i-exhibition-at-heidelberg-castle\/","name":"IColour - a painter says I. \/\/ Exhibition at Heidelberg Castle","isPartOf":{"@id":"https:\/\/www.keil-collection-heidelberg.de\/#website"},"primaryImageOfPage":{"@id":"https:\/\/www.keil-collection-heidelberg.de\/en\/icolour-a-painter-says-i-exhibition-at-heidelberg-castle\/#primaryimage"},"image":{"@id":"https:\/\/www.keil-collection-heidelberg.de\/en\/icolour-a-painter-says-i-exhibition-at-heidelberg-castle\/#primaryimage"},"thumbnailUrl":"https:\/\/www.keil-collection-heidelberg.de\/wp-content\/uploads\/2022\/08\/4-IchFarbe_einMalersagtIch_Ausstellung_PeterKeil_Heidelbergschloss.png","datePublished":"2022-09-09T10:39:10+00:00","dateModified":"2022-09-09T10:39:12+00:00","author":{"@id":"https:\/\/www.keil-collection-heidelberg.de\/#\/schema\/person\/bee047ca1aef4fa76095d6b1649ad7d1"},"description":"The exhibition at Heidelberg Castle \"IchFarbe - ein Maler sagt ich.\" is open from 1 - 3 October from 11:00 - 18:00.","breadcrumb":{"@id":"https:\/\/www.keil-collection-heidelberg.de\/en\/icolour-a-painter-says-i-exhibition-at-heidelberg-castle\/#breadcrumb"},"inLanguage":"en-US","potentialAction":[{"@type":"ReadAction","target":["https:\/\/www.keil-collection-heidelberg.de\/en\/icolour-a-painter-says-i-exhibition-at-heidelberg-castle\/"]}]},{"@type":"ImageObject","inLanguage":"en-US","@id":"https:\/\/www.keil-collection-heidelberg.de\/en\/icolour-a-painter-says-i-exhibition-at-heidelberg-castle\/#primaryimage","url":"https:\/\/www.keil-collection-heidelberg.de\/wp-content\/uploads\/2022\/08\/4-IchFarbe_einMalersagtIch_Ausstellung_PeterKeil_Heidelbergschloss.png","contentUrl":"https:\/\/www.keil-collection-heidelberg.de\/wp-content\/uploads\/2022\/08\/4-IchFarbe_einMalersagtIch_Ausstellung_PeterKeil_Heidelbergschloss.png","width":1046,"height":1478},{"@type":"BreadcrumbList","@id":"https:\/\/www.keil-collection-heidelberg.de\/en\/icolour-a-painter-says-i-exhibition-at-heidelberg-castle\/#breadcrumb","itemListElement":[{"@type":"ListItem","position":1,"name":"Startseite","item":"https:\/\/www.keil-collection-heidelberg.de\/en\/"},{"@type":"ListItem","position":2,"name":"IColour &#8211; a painter says I. \/\/ Exhibition at Heidelberg Castle"}]},{"@type":"WebSite","@id":"https:\/\/www.keil-collection-heidelberg.de\/#website","url":"https:\/\/www.keil-collection-heidelberg.de\/","name":"Keil Collection Heidelberg","description":"Peter Robert Keil","potentialAction":[{"@type":"SearchAction","target":{"@type":"EntryPoint","urlTemplate":"https:\/\/www.keil-collection-heidelberg.de\/?s={search_term_string}"},"query-input":{"@type":"PropertyValueSpecification","valueRequired":true,"valueName":"search_term_string"}}],"inLanguage":"en-US"},{"@type":"Person","@id":"https:\/\/www.keil-collection-heidelberg.de\/#\/schema\/person\/bee047ca1aef4fa76095d6b1649ad7d1","name":"Oskar Kampik","description":"Oskar Kampik ist Kunstberater f\u00fcr Sammlungs- und Museumsaufl\u00f6sungen, Berlin. F\u00fcr die Keil Collection Heidelberg betreut er das Werkverzeichnis, die Webseite, Ausstellungen und die KI-gest\u00fctzte Zertifizierung von Werken Peter Robert Keils.","sameAs":["https:\/\/oskarkampik.com\/","https:\/\/www.linkedin.com\/in\/oskarkampik\/"],"url":"https:\/\/www.keil-collection-heidelberg.de\/en\/author\/okkc_hd\/"}]}},"_links":{"self":[{"href":"https:\/\/www.keil-collection-heidelberg.de\/en\/wp-json\/wp\/v2\/posts\/5994","targetHints":{"allow":["GET"]}}],"collection":[{"href":"https:\/\/www.keil-collection-heidelberg.de\/en\/wp-json\/wp\/v2\/posts"}],"about":[{"href":"https:\/\/www.keil-collection-heidelberg.de\/en\/wp-json\/wp\/v2\/types\/post"}],"author":[{"embeddable":true,"href":"https:\/\/www.keil-collection-heidelberg.de\/en\/wp-json\/wp\/v2\/users\/15"}],"replies":[{"embeddable":true,"href":"https:\/\/www.keil-collection-heidelberg.de\/en\/wp-json\/wp\/v2\/comments?post=5994"}],"version-history":[{"count":1,"href":"https:\/\/www.keil-collection-heidelberg.de\/en\/wp-json\/wp\/v2\/posts\/5994\/revisions"}],"predecessor-version":[{"id":5995,"href":"https:\/\/www.keil-collection-heidelberg.de\/en\/wp-json\/wp\/v2\/posts\/5994\/revisions\/5995"}],"wp:featuredmedia":[{"embeddable":true,"href":"https:\/\/www.keil-collection-heidelberg.de\/en\/wp-json\/wp\/v2\/media\/5969"}],"wp:attachment":[{"href":"https:\/\/www.keil-collection-heidelberg.de\/en\/wp-json\/wp\/v2\/media?parent=5994"}],"wp:term":[{"taxonomy":"category","embeddable":true,"href":"https:\/\/www.keil-collection-heidelberg.de\/en\/wp-json\/wp\/v2\/categories?post=5994"},{"taxonomy":"post_tag","embeddable":true,"href":"https:\/\/www.keil-collection-heidelberg.de\/en\/wp-json\/wp\/v2\/tags?post=5994"}],"curies":[{"name":"wp","href":"https:\/\/api.w.org\/{rel}","templated":true}]}}